{"id":13,"__str__":"Projeto de Lei Ordin\u00e1ria n\u00ba 6 de 2019 | Discuss\u00e3o em Plen\u00e1rio e Audi\u00eancias | 23/09/2019","link_detail_backend":"/materia/tramitacao/13","metadata":{},"timestamp":"2019-09-27T16:47:02.024126-03:00","data_tramitacao":"2019-09-23","data_encaminhamento":"2019-09-24","urgente":true,"turno":"D","texto":"Em tramita\u00e7\u00e3o","data_fim_prazo":null,"ip":"45.171.73.186","ultima_edicao":null,"status":52,"materia":39,"unidade_tramitacao_local":6,"unidade_tramitacao_destino":3,"user":7}